{"id":987,"date":"2015-10-16T23:04:26","date_gmt":"2015-10-16T22:04:26","guid":{"rendered":"http:\/\/www.esglesiarubi.org\/esglesia\/?p=987"},"modified":"2015-10-16T23:04:26","modified_gmt":"2015-10-16T22:04:26","slug":"dia-de-la-reforma","status":"publish","type":"post","link":"https:\/\/www.esglesiarubi.org\/esglesia\/2015\/10\/dia-de-la-reforma\/","title":{"rendered":"Dia de la reforma"},"content":{"rendered":"<p>31-10-2015<\/p>\n<p>\u201cEl dia de la Reforma no celebrem la separaci\u00f3, sin\u00f3 que la paraula de D\u00e9u sempre ens arriba\u201d <a href=\"http:\/\/governacio.gencat.cat\/ca\/detalls\/Noticia\/Entrevista-a-Marta-Lopez\" target=\"_blank\" rel=\"nofollow\">http:\/\/governacio.gencat.cat\/\u2026\/Not\u2026\/Entrevista-a-Marta-Lopez<\/a><\/p>\n<p><a href=\"http:\/\/www.esglesiarubi.org\/esglesia\/2015\/10\/dia-de-la-reforma\/20151031-dia-de-la-reforma\/\" rel=\"attachment wp-att-988\"><img loading=\"lazy\" decoding=\"async\" class=\"alignnone size-full wp-image-988\" src=\"http:\/\/www.esglesiarubi.org\/esglesia\/wp-content\/uploads\/2015\/10\/20151031-dia-de-la-Reforma.jpg\" alt=\"20151031 dia de la Reforma\" width=\"595\" height=\"842\" srcset=\"https:\/\/www.esglesiarubi.org\/esglesia\/wp-content\/uploads\/2015\/10\/20151031-dia-de-la-Reforma.jpg 595w, https:\/\/www.esglesiarubi.org\/esglesia\/wp-content\/uploads\/2015\/10\/20151031-dia-de-la-Reforma-212x300.jpg 212w\" sizes=\"auto, (max-width: 595px) 100vw, 595px\" \/><\/a><\/p>\n","protected":false},"excerpt":{"rendered":"<p>31-10-2015 \u201cEl dia de la Reforma no celebrem la separaci\u00f3, sin\u00f3 que la paraula de D\u00e9u sempre ens arriba\u201d http:\/\/governacio.gencat.cat\/\u2026\/Not\u2026\/Entrevista-a-Marta-Lopez<\/p>\n","protected":false},"author":4,"featured_media":0,"comment_status":"open","ping_status":"open","sticky":false,"template":"","format":"standard","meta":{"jetpack_post_was_ever_published":false,"_jetpack_newsletter_access":"","_jetpack_dont_email_post_to_subs":false,"_jetpack_newsletter_tier_id":0,"_jetpack_memberships_contains_paywalled_content":false,"_jetpack_memberships_contains_paid_content":false,"footnotes":"","jetpack_publicize_message":"","jetpack_publicize_feature_enabled":true,"jetpack_social_post_already_shared":false,"jetpack_social_options":{"image_generator_settings":{"template":"highway","enabled":false},"version":2}},"categories":[3],"tags":[],"class_list":{"0":"entry","1":"post","2":"publish","3":"author-communitymanager","4":"post-987","6":"format-standard","7":"category-noticias"},"jetpack_publicize_connections":[],"aioseo_notices":[],"jetpack_featured_media_url":"","jetpack_sharing_enabled":true,"jetpack_shortlink":"https:\/\/wp.me\/p8020h-fV","_links":{"self":[{"href":"https:\/\/www.esglesiarubi.org\/esglesia\/wp-json\/wp\/v2\/posts\/987","targetHints":{"allow":["GET"]}}],"collection":[{"href":"https:\/\/www.esglesiarubi.org\/esglesia\/wp-json\/wp\/v2\/posts"}],"about":[{"href":"https:\/\/www.esglesiarubi.org\/esglesia\/wp-json\/wp\/v2\/types\/post"}],"author":[{"embeddable":true,"href":"https:\/\/www.esglesiarubi.org\/esglesia\/wp-json\/wp\/v2\/users\/4"}],"replies":[{"embeddable":true,"href":"https:\/\/www.esglesiarubi.org\/esglesia\/wp-json\/wp\/v2\/comments?post=987"}],"version-history":[{"count":0,"href":"https:\/\/www.esglesiarubi.org\/esglesia\/wp-json\/wp\/v2\/posts\/987\/revisions"}],"wp:attachment":[{"href":"https:\/\/www.esglesiarubi.org\/esglesia\/wp-json\/wp\/v2\/media?parent=987"}],"wp:term":[{"taxonomy":"category","embeddable":true,"href":"https:\/\/www.esglesiarubi.org\/esglesia\/wp-json\/wp\/v2\/categories?post=987"},{"taxonomy":"post_tag","embeddable":true,"href":"https:\/\/www.esglesiarubi.org\/esglesia\/wp-json\/wp\/v2\/tags?post=987"}],"curies":[{"name":"wp","href":"https:\/\/api.w.org\/{rel}","templated":true}]}}