{"id":898,"date":"2014-09-14T19:40:19","date_gmt":"2014-09-14T18:40:19","guid":{"rendered":"http:\/\/www.esglesiarubi.org\/esglesia\/?p=898"},"modified":"2014-09-15T19:08:00","modified_gmt":"2014-09-15T18:08:00","slug":"conferencia-carod-rovira","status":"publish","type":"post","link":"https:\/\/www.esglesiarubi.org\/esglesia\/2014\/09\/conferencia-carod-rovira\/","title":{"rendered":"Conferencia Carod Rovira"},"content":{"rendered":"<p>\u201cOr\u00edgens I primers temps del protestantisme als Pa\u00efsos Catalans.<br \/>\nSectors socials implicats, vies de penetraci\u00f3 i dificultats d\u2019arrelament\u201d<a href=\"http:\/\/www.esglesiarubi.org\/esglesia\/2014\/09\/conferencia-carod-rovira\/caror-rovira-20141017\/\" rel=\"attachment wp-att-899\"><img loading=\"lazy\" decoding=\"async\" class=\"alignnone size-full wp-image-899\" src=\"http:\/\/www.esglesiarubi.org\/esglesia\/wp-content\/uploads\/2014\/09\/Caror-Rovira-20141017.jpg\" alt=\"Caror Rovira 20141017\" width=\"1914\" height=\"864\" srcset=\"https:\/\/www.esglesiarubi.org\/esglesia\/wp-content\/uploads\/2014\/09\/Caror-Rovira-20141017.jpg 1914w, https:\/\/www.esglesiarubi.org\/esglesia\/wp-content\/uploads\/2014\/09\/Caror-Rovira-20141017-300x135.jpg 300w, https:\/\/www.esglesiarubi.org\/esglesia\/wp-content\/uploads\/2014\/09\/Caror-Rovira-20141017-1024x462.jpg 1024w\" sizes=\"auto, (max-width: 1914px) 100vw, 1914px\" \/><\/a><\/p>\n","protected":false},"excerpt":{"rendered":"<p>\u201cOr\u00edgens I primers temps del protestantisme als Pa\u00efsos Catalans. Sectors socials implicats, vies de penetraci\u00f3 i dificultats d\u2019arrelament\u201d<\/p>\n","protected":false},"author":4,"featured_media":0,"comment_status":"open","ping_status":"open","sticky":false,"template":"","format":"standard","meta":{"jetpack_post_was_ever_published":false,"_jetpack_newsletter_access":"","_jetpack_dont_email_post_to_subs":false,"_jetpack_newsletter_tier_id":0,"_jetpack_memberships_contains_paywalled_content":false,"_jetpack_memberships_contains_paid_content":false,"footnotes":"","jetpack_publicize_message":"","jetpack_publicize_feature_enabled":true,"jetpack_social_post_already_shared":false,"jetpack_social_options":{"image_generator_settings":{"template":"highway","enabled":false},"version":2}},"categories":[3],"tags":[],"class_list":{"0":"entry","1":"post","2":"publish","3":"author-communitymanager","4":"post-898","6":"format-standard","7":"category-noticias"},"jetpack_publicize_connections":[],"aioseo_notices":[],"jetpack_featured_media_url":"","jetpack_sharing_enabled":true,"jetpack_shortlink":"https:\/\/wp.me\/p8020h-eu","_links":{"self":[{"href":"https:\/\/www.esglesiarubi.org\/esglesia\/wp-json\/wp\/v2\/posts\/898","targetHints":{"allow":["GET"]}}],"collection":[{"href":"https:\/\/www.esglesiarubi.org\/esglesia\/wp-json\/wp\/v2\/posts"}],"about":[{"href":"https:\/\/www.esglesiarubi.org\/esglesia\/wp-json\/wp\/v2\/types\/post"}],"author":[{"embeddable":true,"href":"https:\/\/www.esglesiarubi.org\/esglesia\/wp-json\/wp\/v2\/users\/4"}],"replies":[{"embeddable":true,"href":"https:\/\/www.esglesiarubi.org\/esglesia\/wp-json\/wp\/v2\/comments?post=898"}],"version-history":[{"count":0,"href":"https:\/\/www.esglesiarubi.org\/esglesia\/wp-json\/wp\/v2\/posts\/898\/revisions"}],"wp:attachment":[{"href":"https:\/\/www.esglesiarubi.org\/esglesia\/wp-json\/wp\/v2\/media?parent=898"}],"wp:term":[{"taxonomy":"category","embeddable":true,"href":"https:\/\/www.esglesiarubi.org\/esglesia\/wp-json\/wp\/v2\/categories?post=898"},{"taxonomy":"post_tag","embeddable":true,"href":"https:\/\/www.esglesiarubi.org\/esglesia\/wp-json\/wp\/v2\/tags?post=898"}],"curies":[{"name":"wp","href":"https:\/\/api.w.org\/{rel}","templated":true}]}}