{"id":659,"date":"2013-10-05T19:02:57","date_gmt":"2013-10-05T18:02:57","guid":{"rendered":"http:\/\/www.esglesiarubi.org\/esglesia\/?p=659"},"modified":"2013-12-17T17:04:02","modified_gmt":"2013-12-17T16:04:02","slug":"ordenacion-pastoral-de-marta-lopez-y-el-jonathan-navarro","status":"publish","type":"post","link":"https:\/\/www.esglesiarubi.org\/esglesia\/2013\/10\/ordenacion-pastoral-de-marta-lopez-y-el-jonathan-navarro\/","title":{"rendered":"Ordenaci\u00f3n pastoral de Marta L\u00f3pez y Jonathan Navarro"},"content":{"rendered":"<p>En nombre de la Iglesia Protestante de Barcelona Centro, os informamos que el\u00a0 Sabado d\u00eda 5 de octubre a las 18,30 h. en calle Tallers 26 de Barcelona, celebramos el acto de ordenaci\u00f3n pastoral de Marta L\u00f3pez y Jonathan Navarro.<\/p>\n","protected":false},"excerpt":{"rendered":"<p>En nombre de la Iglesia Protestante de Barcelona Centro, os informamos que el\u00a0 Sabado d\u00eda 5 de octubre a las 18,30 h. en calle Tallers 26 de Barcelona, celebramos el acto de ordenaci\u00f3n pastoral de Marta L\u00f3pez y Jonathan Navarro.<\/p>\n","protected":false},"author":4,"featured_media":0,"comment_status":"open","ping_status":"open","sticky":false,"template":"","format":"standard","meta":{"jetpack_post_was_ever_published":false,"_jetpack_newsletter_access":"","_jetpack_dont_email_post_to_subs":false,"_jetpack_newsletter_tier_id":0,"_jetpack_memberships_contains_paywalled_content":false,"_jetpack_memberships_contains_paid_content":false,"footnotes":"","jetpack_publicize_message":"","jetpack_publicize_feature_enabled":true,"jetpack_social_post_already_shared":false,"jetpack_social_options":{"image_generator_settings":{"template":"highway","enabled":false},"version":2}},"categories":[3],"tags":[],"class_list":{"0":"entry","1":"post","2":"publish","3":"author-communitymanager","4":"post-659","6":"format-standard","7":"category-noticias"},"jetpack_publicize_connections":[],"aioseo_notices":[],"jetpack_featured_media_url":"","jetpack_sharing_enabled":true,"jetpack_shortlink":"https:\/\/wp.me\/p8020h-aD","_links":{"self":[{"href":"https:\/\/www.esglesiarubi.org\/esglesia\/wp-json\/wp\/v2\/posts\/659","targetHints":{"allow":["GET"]}}],"collection":[{"href":"https:\/\/www.esglesiarubi.org\/esglesia\/wp-json\/wp\/v2\/posts"}],"about":[{"href":"https:\/\/www.esglesiarubi.org\/esglesia\/wp-json\/wp\/v2\/types\/post"}],"author":[{"embeddable":true,"href":"https:\/\/www.esglesiarubi.org\/esglesia\/wp-json\/wp\/v2\/users\/4"}],"replies":[{"embeddable":true,"href":"https:\/\/www.esglesiarubi.org\/esglesia\/wp-json\/wp\/v2\/comments?post=659"}],"version-history":[{"count":0,"href":"https:\/\/www.esglesiarubi.org\/esglesia\/wp-json\/wp\/v2\/posts\/659\/revisions"}],"wp:attachment":[{"href":"https:\/\/www.esglesiarubi.org\/esglesia\/wp-json\/wp\/v2\/media?parent=659"}],"wp:term":[{"taxonomy":"category","embeddable":true,"href":"https:\/\/www.esglesiarubi.org\/esglesia\/wp-json\/wp\/v2\/categories?post=659"},{"taxonomy":"post_tag","embeddable":true,"href":"https:\/\/www.esglesiarubi.org\/esglesia\/wp-json\/wp\/v2\/tags?post=659"}],"curies":[{"name":"wp","href":"https:\/\/api.w.org\/{rel}","templated":true}]}}