{"id":651,"date":"2013-07-28T19:14:16","date_gmt":"2013-07-28T18:14:16","guid":{"rendered":"http:\/\/www.esglesiarubi.org\/esglesia\/?p=651"},"modified":"2013-12-21T11:56:13","modified_gmt":"2013-12-21T10:56:13","slug":"bautizo-de-enoc-navarro-lopez","status":"publish","type":"post","link":"https:\/\/www.esglesiarubi.org\/esglesia\/2013\/07\/bautizo-de-enoc-navarro-lopez\/","title":{"rendered":"Bautizo de Enoc Navarro L\u00f3pez"},"content":{"rendered":"<p>El pasado domingo 28 de Julio de 2013 se celebr\u00f3 en el templo de calle Colon 6 de Rub\u00ed, el bautizo de Enoc Navarro L\u00f3pez, hijo de los pastores Jonatan Navarro (pastor de Rubi) y Marta Lopez (pastora de la comunidad de Tallers 26 en Barcelona).<\/p>\n<p>El acto fue protagonizado por el pastor Ignacio Simal de la iglesia Betel en Hospitalet.<\/p>\n<p>Hubo una asistencia proxima a 80 personas.<\/p>\n<p>Al finalizar el acto hubo un refrigerio y pica pica en el mismo templo.<\/p>\n<p><a href=\"http:\/\/www.esglesiarubi.org\/esglesia\/2013\/07\/bautizo-de-enoc-navarro-lopez\/20130728-045_\/\" rel=\"attachment wp-att-652\"><img loading=\"lazy\" decoding=\"async\" class=\"alignnone size-full wp-image-652\" alt=\"20130728-045_\" src=\"http:\/\/www.esglesiarubi.org\/esglesia\/wp-content\/uploads\/2013\/07\/20130728-045_.jpg\" width=\"2352\" height=\"1568\" srcset=\"https:\/\/www.esglesiarubi.org\/esglesia\/wp-content\/uploads\/2013\/07\/20130728-045_.jpg 2352w, https:\/\/www.esglesiarubi.org\/esglesia\/wp-content\/uploads\/2013\/07\/20130728-045_-300x200.jpg 300w, https:\/\/www.esglesiarubi.org\/esglesia\/wp-content\/uploads\/2013\/07\/20130728-045_-1024x682.jpg 1024w\" sizes=\"auto, (max-width: 2352px) 100vw, 2352px\" \/><\/a><\/p>\n<p>&nbsp;<\/p>\n","protected":false},"excerpt":{"rendered":"<p>El pasado domingo 28 de Julio de 2013 se celebr\u00f3 en el templo de calle Colon 6 de Rub\u00ed, el bautizo de Enoc Navarro L\u00f3pez, hijo de los pastores Jonatan Navarro (pastor de Rubi) y Marta Lopez (pastora de la comunidad de Tallers 26 en Barcelona). El acto fue protagonizado por el pastor Ignacio Simal &#8230; <span class=\"more\"><a class=\"more-link\" href=\"https:\/\/www.esglesiarubi.org\/esglesia\/2013\/07\/bautizo-de-enoc-navarro-lopez\/\">[Llegir m\u00e9s&#8230;]<\/a><\/span><\/p>\n","protected":false},"author":4,"featured_media":0,"comment_status":"open","ping_status":"open","sticky":false,"template":"","format":"standard","meta":{"jetpack_post_was_ever_published":false,"_jetpack_newsletter_access":"","_jetpack_dont_email_post_to_subs":false,"_jetpack_newsletter_tier_id":0,"_jetpack_memberships_contains_paywalled_content":false,"_jetpack_memberships_contains_paid_content":false,"footnotes":"","jetpack_publicize_message":"","jetpack_publicize_feature_enabled":true,"jetpack_social_post_already_shared":false,"jetpack_social_options":{"image_generator_settings":{"template":"highway","enabled":false},"version":2}},"categories":[3],"tags":[],"class_list":{"0":"entry","1":"post","2":"publish","3":"author-communitymanager","4":"post-651","6":"format-standard","7":"category-noticias"},"jetpack_publicize_connections":[],"aioseo_notices":[],"jetpack_featured_media_url":"","jetpack_sharing_enabled":true,"jetpack_shortlink":"https:\/\/wp.me\/p8020h-av","_links":{"self":[{"href":"https:\/\/www.esglesiarubi.org\/esglesia\/wp-json\/wp\/v2\/posts\/651","targetHints":{"allow":["GET"]}}],"collection":[{"href":"https:\/\/www.esglesiarubi.org\/esglesia\/wp-json\/wp\/v2\/posts"}],"about":[{"href":"https:\/\/www.esglesiarubi.org\/esglesia\/wp-json\/wp\/v2\/types\/post"}],"author":[{"embeddable":true,"href":"https:\/\/www.esglesiarubi.org\/esglesia\/wp-json\/wp\/v2\/users\/4"}],"replies":[{"embeddable":true,"href":"https:\/\/www.esglesiarubi.org\/esglesia\/wp-json\/wp\/v2\/comments?post=651"}],"version-history":[{"count":0,"href":"https:\/\/www.esglesiarubi.org\/esglesia\/wp-json\/wp\/v2\/posts\/651\/revisions"}],"wp:attachment":[{"href":"https:\/\/www.esglesiarubi.org\/esglesia\/wp-json\/wp\/v2\/media?parent=651"}],"wp:term":[{"taxonomy":"category","embeddable":true,"href":"https:\/\/www.esglesiarubi.org\/esglesia\/wp-json\/wp\/v2\/categories?post=651"},{"taxonomy":"post_tag","embeddable":true,"href":"https:\/\/www.esglesiarubi.org\/esglesia\/wp-json\/wp\/v2\/tags?post=651"}],"curies":[{"name":"wp","href":"https:\/\/api.w.org\/{rel}","templated":true}]}}