{"id":624,"date":"2013-06-22T19:05:00","date_gmt":"2013-06-22T18:05:00","guid":{"rendered":"http:\/\/www.esglesiarubi.org\/esglesia\/?p=624"},"modified":"2020-02-28T09:38:04","modified_gmt":"2020-02-28T08:38:04","slug":"graduacion-facultad-seut-2013","status":"publish","type":"post","link":"https:\/\/www.esglesiarubi.org\/esglesia\/2013\/06\/graduacion-facultad-seut-2013\/","title":{"rendered":"Graduaci\u00f3n Facultad SEUT 2013"},"content":{"rendered":"<p>Madrid, 22 de junio: acto de graduaci\u00f3n de candidatos al ministerio pastoral en la Facultad de Teolog\u00eda SEUT (Iglesia Evang\u00e9lica Espa\u00f1ola)<\/p>\n<p><a href=\"http:\/\/www.esglesiarubi.org\/esglesia\/2013\/07\/graduacion-facultad-seut-2013\/20130623-001-el-escorial\/\" rel=\"attachment wp-att-625\"><img loading=\"lazy\" decoding=\"async\" class=\"alignnone size-full wp-image-625\" alt=\"20130623-001 El Escorial\" src=\"http:\/\/www.esglesiarubi.org\/esglesia\/wp-content\/uploads\/2013\/07\/20130623-001-El-Escorial.jpg\" width=\"960\" height=\"640\" srcset=\"https:\/\/www.esglesiarubi.org\/esglesia\/wp-content\/uploads\/2013\/07\/20130623-001-El-Escorial.jpg 960w, https:\/\/www.esglesiarubi.org\/esglesia\/wp-content\/uploads\/2013\/07\/20130623-001-El-Escorial-300x200.jpg 300w\" sizes=\"auto, (max-width: 960px) 100vw, 960px\" \/><\/a><\/p>\n<p>&nbsp;<\/p>\n<p>&nbsp;<\/p>\n","protected":false},"excerpt":{"rendered":"<p>Madrid, 22 de junio: acto de graduaci\u00f3n de candidatos al ministerio pastoral en la Facultad de Teolog\u00eda SEUT (Iglesia Evang\u00e9lica Espa\u00f1ola) &nbsp; &nbsp;<\/p>\n","protected":false},"author":4,"featured_media":0,"comment_status":"closed","ping_status":"open","sticky":false,"template":"","format":"standard","meta":{"jetpack_post_was_ever_published":false,"_jetpack_newsletter_access":"","_jetpack_dont_email_post_to_subs":false,"_jetpack_newsletter_tier_id":0,"_jetpack_memberships_contains_paywalled_content":false,"_jetpack_memberships_contains_paid_content":false,"footnotes":"","jetpack_publicize_message":"","jetpack_publicize_feature_enabled":true,"jetpack_social_post_already_shared":false,"jetpack_social_options":{"image_generator_settings":{"template":"highway","enabled":false},"version":2}},"categories":[3],"tags":[],"class_list":{"0":"entry","1":"post","2":"publish","3":"author-communitymanager","4":"post-624","6":"format-standard","7":"category-noticias"},"jetpack_publicize_connections":[],"aioseo_notices":[],"jetpack_featured_media_url":"","jetpack_sharing_enabled":true,"jetpack_shortlink":"https:\/\/wp.me\/p8020h-a4","_links":{"self":[{"href":"https:\/\/www.esglesiarubi.org\/esglesia\/wp-json\/wp\/v2\/posts\/624","targetHints":{"allow":["GET"]}}],"collection":[{"href":"https:\/\/www.esglesiarubi.org\/esglesia\/wp-json\/wp\/v2\/posts"}],"about":[{"href":"https:\/\/www.esglesiarubi.org\/esglesia\/wp-json\/wp\/v2\/types\/post"}],"author":[{"embeddable":true,"href":"https:\/\/www.esglesiarubi.org\/esglesia\/wp-json\/wp\/v2\/users\/4"}],"replies":[{"embeddable":true,"href":"https:\/\/www.esglesiarubi.org\/esglesia\/wp-json\/wp\/v2\/comments?post=624"}],"version-history":[{"count":0,"href":"https:\/\/www.esglesiarubi.org\/esglesia\/wp-json\/wp\/v2\/posts\/624\/revisions"}],"wp:attachment":[{"href":"https:\/\/www.esglesiarubi.org\/esglesia\/wp-json\/wp\/v2\/media?parent=624"}],"wp:term":[{"taxonomy":"category","embeddable":true,"href":"https:\/\/www.esglesiarubi.org\/esglesia\/wp-json\/wp\/v2\/categories?post=624"},{"taxonomy":"post_tag","embeddable":true,"href":"https:\/\/www.esglesiarubi.org\/esglesia\/wp-json\/wp\/v2\/tags?post=624"}],"curies":[{"name":"wp","href":"https:\/\/api.w.org\/{rel}","templated":true}]}}