{"id":2964,"date":"2023-02-21T10:17:59","date_gmt":"2023-02-21T09:17:59","guid":{"rendered":"http:\/\/www.esglesiarubi.org\/esglesia\/?p=2964"},"modified":"2023-02-21T10:18:02","modified_gmt":"2023-02-21T09:18:02","slug":"pregaries-per-la-pau","status":"publish","type":"post","link":"https:\/\/www.esglesiarubi.org\/esglesia\/2023\/02\/pregaries-per-la-pau\/","title":{"rendered":"Preg\u00e0ries per la pau"},"content":{"rendered":"\n<p>Dissabte 25 de febrer, a les 19 h, presentarem al temple de la 1a Esgl\u00e9sia Protestant a Rub\u00ed, el llibre <strong>Preg\u00e0ries per la Pau<\/strong> d&#8217;en Joan Vall\u00e8s i Sala. Un recull d&#8217;escrits que ens porten a tota mena de conflictes viscuts durant el final del s. XX i principis del s. XXI, que van moure a cristians de diferents confesions a reunir-se per pregar per la pau en la Pl. Clav\u00e9 de Rub\u00ed.<\/p>\n\n\n\n<figure class=\"wp-block-image size-large\"><img loading=\"lazy\" decoding=\"async\" width=\"724\" height=\"1024\" src=\"http:\/\/www.esglesiarubi.org\/esglesia\/wp-content\/uploads\/2023\/02\/cartell-pregaries-per-la-pau-copia-724x1024.jpg\" alt=\"\" class=\"wp-image-2965\" srcset=\"https:\/\/www.esglesiarubi.org\/esglesia\/wp-content\/uploads\/2023\/02\/cartell-pregaries-per-la-pau-copia-724x1024.jpg 724w, https:\/\/www.esglesiarubi.org\/esglesia\/wp-content\/uploads\/2023\/02\/cartell-pregaries-per-la-pau-copia-212x300.jpg 212w, https:\/\/www.esglesiarubi.org\/esglesia\/wp-content\/uploads\/2023\/02\/cartell-pregaries-per-la-pau-copia-768x1086.jpg 768w, https:\/\/www.esglesiarubi.org\/esglesia\/wp-content\/uploads\/2023\/02\/cartell-pregaries-per-la-pau-copia-1086x1536.jpg 1086w, https:\/\/www.esglesiarubi.org\/esglesia\/wp-content\/uploads\/2023\/02\/cartell-pregaries-per-la-pau-copia-1448x2048.jpg 1448w, https:\/\/www.esglesiarubi.org\/esglesia\/wp-content\/uploads\/2023\/02\/cartell-pregaries-per-la-pau-copia.jpg 1485w\" sizes=\"auto, (max-width: 724px) 100vw, 724px\" \/><\/figure>\n","protected":false},"excerpt":{"rendered":"<p>Dissabte 25 de febrer, a les 19 h, presentarem al temple de la 1a Esgl\u00e9sia Protestant a Rub\u00ed, el llibre Preg\u00e0ries per la Pau d&#8217;en Joan Vall\u00e8s i Sala. Un recull d&#8217;escrits que ens porten a tota mena de conflictes viscuts durant el final del s. XX i principis del s. XXI, que van moure &#8230; <span class=\"more\"><a class=\"more-link\" href=\"https:\/\/www.esglesiarubi.org\/esglesia\/2023\/02\/pregaries-per-la-pau\/\">[Llegir m\u00e9s&#8230;]<\/a><\/span><\/p>\n","protected":false},"author":3,"featured_media":0,"comment_status":"open","ping_status":"open","sticky":false,"template":"","format":"standard","meta":{"jetpack_post_was_ever_published":false,"_jetpack_newsletter_access":"","_jetpack_dont_email_post_to_subs":false,"_jetpack_newsletter_tier_id":0,"_jetpack_memberships_contains_paywalled_content":false,"_jetpack_memberships_contains_paid_content":false,"footnotes":"","jetpack_publicize_message":"","jetpack_publicize_feature_enabled":true,"jetpack_social_post_already_shared":true,"jetpack_social_options":{"image_generator_settings":{"template":"highway","enabled":false},"version":2}},"categories":[7],"tags":[],"class_list":{"0":"entry","1":"post","2":"publish","3":"author-pastorrubi","4":"post-2964","6":"format-standard","7":"category-avtivitats"},"jetpack_publicize_connections":[],"aioseo_notices":[],"jetpack_featured_media_url":"","jetpack_sharing_enabled":true,"jetpack_shortlink":"https:\/\/wp.me\/p8020h-LO","_links":{"self":[{"href":"https:\/\/www.esglesiarubi.org\/esglesia\/wp-json\/wp\/v2\/posts\/2964","targetHints":{"allow":["GET"]}}],"collection":[{"href":"https:\/\/www.esglesiarubi.org\/esglesia\/wp-json\/wp\/v2\/posts"}],"about":[{"href":"https:\/\/www.esglesiarubi.org\/esglesia\/wp-json\/wp\/v2\/types\/post"}],"author":[{"embeddable":true,"href":"https:\/\/www.esglesiarubi.org\/esglesia\/wp-json\/wp\/v2\/users\/3"}],"replies":[{"embeddable":true,"href":"https:\/\/www.esglesiarubi.org\/esglesia\/wp-json\/wp\/v2\/comments?post=2964"}],"version-history":[{"count":1,"href":"https:\/\/www.esglesiarubi.org\/esglesia\/wp-json\/wp\/v2\/posts\/2964\/revisions"}],"predecessor-version":[{"id":2966,"href":"https:\/\/www.esglesiarubi.org\/esglesia\/wp-json\/wp\/v2\/posts\/2964\/revisions\/2966"}],"wp:attachment":[{"href":"https:\/\/www.esglesiarubi.org\/esglesia\/wp-json\/wp\/v2\/media?parent=2964"}],"wp:term":[{"taxonomy":"category","embeddable":true,"href":"https:\/\/www.esglesiarubi.org\/esglesia\/wp-json\/wp\/v2\/categories?post=2964"},{"taxonomy":"post_tag","embeddable":true,"href":"https:\/\/www.esglesiarubi.org\/esglesia\/wp-json\/wp\/v2\/tags?post=2964"}],"curies":[{"name":"wp","href":"https:\/\/api.w.org\/{rel}","templated":true}]}}