{"id":1695,"date":"2018-12-07T10:01:31","date_gmt":"2018-12-07T09:01:31","guid":{"rendered":"http:\/\/www.esglesiarubi.org\/esglesia\/?p=1695"},"modified":"2018-12-07T10:01:31","modified_gmt":"2018-12-07T09:01:31","slug":"concert-de-nadal","status":"publish","type":"post","link":"https:\/\/www.esglesiarubi.org\/esglesia\/2018\/12\/concert-de-nadal\/","title":{"rendered":"Concert de Nadal"},"content":{"rendered":"<p>Des de la Primera Esgl\u00e9sia Protestant a Rub\u00ed tenim el plaer de convidar-vos al tradicional concert de Nadal que ens oferir\u00e0 la Coral Al\u00b7leluia, el dissabte 15 de desembre a les 20h al nostre temple del carrer Colom 6, la entrada com sempre \u00e9s gratuita!<\/p>\n<p><img loading=\"lazy\" decoding=\"async\" class=\"aligncenter size-full wp-image-1696\" src=\"http:\/\/www.esglesiarubi.org\/esglesia\/wp-content\/uploads\/2018\/12\/Coral-Al\u00b7leluia-2018.jpg\" alt=\"\" width=\"1750\" height=\"2475\" srcset=\"https:\/\/www.esglesiarubi.org\/esglesia\/wp-content\/uploads\/2018\/12\/Coral-Al\u00b7leluia-2018.jpg 1750w, https:\/\/www.esglesiarubi.org\/esglesia\/wp-content\/uploads\/2018\/12\/Coral-Al\u00b7leluia-2018-212x300.jpg 212w, https:\/\/www.esglesiarubi.org\/esglesia\/wp-content\/uploads\/2018\/12\/Coral-Al\u00b7leluia-2018-768x1086.jpg 768w, https:\/\/www.esglesiarubi.org\/esglesia\/wp-content\/uploads\/2018\/12\/Coral-Al\u00b7leluia-2018-724x1024.jpg 724w\" sizes=\"auto, (max-width: 1750px) 100vw, 1750px\" \/><\/p>\n","protected":false},"excerpt":{"rendered":"<p>Des de la Primera Esgl\u00e9sia Protestant a Rub\u00ed tenim el plaer de convidar-vos al tradicional concert de Nadal que ens oferir\u00e0 la Coral Al\u00b7leluia, el dissabte 15 de desembre a les 20h al nostre temple del carrer Colom 6, la entrada com sempre \u00e9s gratuita!<\/p>\n","protected":false},"author":3,"featured_media":1696,"comment_status":"open","ping_status":"open","sticky":false,"template":"","format":"standard","meta":{"jetpack_post_was_ever_published":false,"_jetpack_newsletter_access":"","_jetpack_dont_email_post_to_subs":false,"_jetpack_newsletter_tier_id":0,"_jetpack_memberships_contains_paywalled_content":false,"_jetpack_memberships_contains_paid_content":false,"footnotes":"","jetpack_publicize_message":"","jetpack_publicize_feature_enabled":true,"jetpack_social_post_already_shared":true,"jetpack_social_options":{"image_generator_settings":{"template":"highway","enabled":false},"version":2}},"categories":[7,3],"tags":[],"class_list":{"0":"entry","1":"post","2":"publish","3":"author-pastorrubi","4":"post-1695","6":"format-standard","7":"has-post-thumbnail","8":"category-avtivitats","9":"category-noticias"},"jetpack_publicize_connections":[],"aioseo_notices":[],"jetpack_featured_media_url":"https:\/\/www.esglesiarubi.org\/esglesia\/wp-content\/uploads\/2018\/12\/Coral-Al\u00b7leluia-2018.jpg","jetpack_sharing_enabled":true,"jetpack_shortlink":"https:\/\/wp.me\/p8020h-rl","_links":{"self":[{"href":"https:\/\/www.esglesiarubi.org\/esglesia\/wp-json\/wp\/v2\/posts\/1695","targetHints":{"allow":["GET"]}}],"collection":[{"href":"https:\/\/www.esglesiarubi.org\/esglesia\/wp-json\/wp\/v2\/posts"}],"about":[{"href":"https:\/\/www.esglesiarubi.org\/esglesia\/wp-json\/wp\/v2\/types\/post"}],"author":[{"embeddable":true,"href":"https:\/\/www.esglesiarubi.org\/esglesia\/wp-json\/wp\/v2\/users\/3"}],"replies":[{"embeddable":true,"href":"https:\/\/www.esglesiarubi.org\/esglesia\/wp-json\/wp\/v2\/comments?post=1695"}],"version-history":[{"count":0,"href":"https:\/\/www.esglesiarubi.org\/esglesia\/wp-json\/wp\/v2\/posts\/1695\/revisions"}],"wp:featuredmedia":[{"embeddable":true,"href":"https:\/\/www.esglesiarubi.org\/esglesia\/wp-json\/wp\/v2\/media\/1696"}],"wp:attachment":[{"href":"https:\/\/www.esglesiarubi.org\/esglesia\/wp-json\/wp\/v2\/media?parent=1695"}],"wp:term":[{"taxonomy":"category","embeddable":true,"href":"https:\/\/www.esglesiarubi.org\/esglesia\/wp-json\/wp\/v2\/categories?post=1695"},{"taxonomy":"post_tag","embeddable":true,"href":"https:\/\/www.esglesiarubi.org\/esglesia\/wp-json\/wp\/v2\/tags?post=1695"}],"curies":[{"name":"wp","href":"https:\/\/api.w.org\/{rel}","templated":true}]}}