{"id":1690,"date":"2018-11-26T08:51:15","date_gmt":"2018-11-26T07:51:15","guid":{"rendered":"http:\/\/www.esglesiarubi.org\/esglesia\/?p=1690"},"modified":"2018-11-26T08:51:15","modified_gmt":"2018-11-26T07:51:15","slug":"vespres-dadvent-2018","status":"publish","type":"post","link":"https:\/\/www.esglesiarubi.org\/esglesia\/2018\/11\/vespres-dadvent-2018\/","title":{"rendered":"Vespres d&#8217;Advent 2018"},"content":{"rendered":"<p>Des de la 1a Esgl\u00e9sia Protestant a Rub\u00ed us convidem a tots a donar la benvinguda al temps d&#8217;Advent amb unes Vespres amb m\u00fasica, preg\u00e0ria, reflexi\u00f3 i silenci\u2026<\/p>\n<p>Divendres 30 de novembre a les 19:30<\/p>\n<p>&nbsp;<\/p>\n<p><img loading=\"lazy\" decoding=\"async\" class=\"aligncenter size-full wp-image-1691\" src=\"http:\/\/www.esglesiarubi.org\/esglesia\/wp-content\/uploads\/2018\/11\/Advent-2018.jpg\" alt=\"\" width=\"940\" height=\"1329\" srcset=\"https:\/\/www.esglesiarubi.org\/esglesia\/wp-content\/uploads\/2018\/11\/Advent-2018.jpg 940w, https:\/\/www.esglesiarubi.org\/esglesia\/wp-content\/uploads\/2018\/11\/Advent-2018-212x300.jpg 212w, https:\/\/www.esglesiarubi.org\/esglesia\/wp-content\/uploads\/2018\/11\/Advent-2018-768x1086.jpg 768w, https:\/\/www.esglesiarubi.org\/esglesia\/wp-content\/uploads\/2018\/11\/Advent-2018-724x1024.jpg 724w\" sizes=\"auto, (max-width: 940px) 100vw, 940px\" \/><\/p>\n","protected":false},"excerpt":{"rendered":"<p>Des de la 1a Esgl\u00e9sia Protestant a Rub\u00ed us convidem a tots a donar la benvinguda al temps d&#8217;Advent amb unes Vespres amb m\u00fasica, preg\u00e0ria, reflexi\u00f3 i silenci\u2026 Divendres 30 de novembre a les 19:30 &nbsp;<\/p>\n","protected":false},"author":3,"featured_media":0,"comment_status":"open","ping_status":"open","sticky":false,"template":"","format":"standard","meta":{"jetpack_post_was_ever_published":false,"_jetpack_newsletter_access":"","_jetpack_dont_email_post_to_subs":false,"_jetpack_newsletter_tier_id":0,"_jetpack_memberships_contains_paywalled_content":false,"_jetpack_memberships_contains_paid_content":false,"footnotes":"","jetpack_publicize_message":"","jetpack_publicize_feature_enabled":true,"jetpack_social_post_already_shared":true,"jetpack_social_options":{"image_generator_settings":{"template":"highway","enabled":false},"version":2}},"categories":[7,3],"tags":[],"class_list":{"0":"entry","1":"post","2":"publish","3":"author-pastorrubi","4":"post-1690","6":"format-standard","7":"category-avtivitats","8":"category-noticias"},"jetpack_publicize_connections":[],"aioseo_notices":[],"jetpack_featured_media_url":"","jetpack_sharing_enabled":true,"jetpack_shortlink":"https:\/\/wp.me\/p8020h-rg","_links":{"self":[{"href":"https:\/\/www.esglesiarubi.org\/esglesia\/wp-json\/wp\/v2\/posts\/1690","targetHints":{"allow":["GET"]}}],"collection":[{"href":"https:\/\/www.esglesiarubi.org\/esglesia\/wp-json\/wp\/v2\/posts"}],"about":[{"href":"https:\/\/www.esglesiarubi.org\/esglesia\/wp-json\/wp\/v2\/types\/post"}],"author":[{"embeddable":true,"href":"https:\/\/www.esglesiarubi.org\/esglesia\/wp-json\/wp\/v2\/users\/3"}],"replies":[{"embeddable":true,"href":"https:\/\/www.esglesiarubi.org\/esglesia\/wp-json\/wp\/v2\/comments?post=1690"}],"version-history":[{"count":0,"href":"https:\/\/www.esglesiarubi.org\/esglesia\/wp-json\/wp\/v2\/posts\/1690\/revisions"}],"wp:attachment":[{"href":"https:\/\/www.esglesiarubi.org\/esglesia\/wp-json\/wp\/v2\/media?parent=1690"}],"wp:term":[{"taxonomy":"category","embeddable":true,"href":"https:\/\/www.esglesiarubi.org\/esglesia\/wp-json\/wp\/v2\/categories?post=1690"},{"taxonomy":"post_tag","embeddable":true,"href":"https:\/\/www.esglesiarubi.org\/esglesia\/wp-json\/wp\/v2\/tags?post=1690"}],"curies":[{"name":"wp","href":"https:\/\/api.w.org\/{rel}","templated":true}]}}