{"id":1331,"date":"2017-03-01T08:45:58","date_gmt":"2017-03-01T07:45:58","guid":{"rendered":"http:\/\/www.esglesiarubi.org\/esglesia\/?p=1331"},"modified":"2017-03-01T08:45:58","modified_gmt":"2017-03-01T07:45:58","slug":"vespres-musicades-de-quaresma","status":"publish","type":"post","link":"https:\/\/www.esglesiarubi.org\/esglesia\/2017\/03\/vespres-musicades-de-quaresma\/","title":{"rendered":"Vespres musicades de Quaresma"},"content":{"rendered":"<p>Aquest divendres dia 3 de mar\u00e7, a les 19:30h del vespre, espai musicat de pregaria i reflexi\u00f3 per comen\u00e7ar el nou temps de Quaresma.<\/p>\n<p>Al temple del carrer Colom 4, 1era Esgl\u00e9sia Protestant a Rub\u00ed.<\/p>\n<p style=\"text-align: center;\"><em>Esquinceu-vos el cor, i no els vestits. Convertiu-vos al Senyor, el vostre D\u00e9u, que \u00e9s compassiu i benigne, lent per al c\u00e0stig i ric en l&#8217;amor, i que es desdiu de fer el mal.<\/em><\/p>\n<p style=\"text-align: center;\"><img loading=\"lazy\" decoding=\"async\" class=\"aligncenter size-full wp-image-1332\" src=\"http:\/\/www.esglesiarubi.org\/esglesia\/wp-content\/uploads\/2017\/03\/quaresma-2017-web.jpg\" alt=\"\" width=\"803\" height=\"803\" srcset=\"https:\/\/www.esglesiarubi.org\/esglesia\/wp-content\/uploads\/2017\/03\/quaresma-2017-web.jpg 803w, https:\/\/www.esglesiarubi.org\/esglesia\/wp-content\/uploads\/2017\/03\/quaresma-2017-web-300x300.jpg 300w, https:\/\/www.esglesiarubi.org\/esglesia\/wp-content\/uploads\/2017\/03\/quaresma-2017-web-768x768.jpg 768w, https:\/\/www.esglesiarubi.org\/esglesia\/wp-content\/uploads\/2017\/03\/quaresma-2017-web-75x75.jpg 75w\" sizes=\"auto, (max-width: 803px) 100vw, 803px\" \/><\/p>\n","protected":false},"excerpt":{"rendered":"<p>Aquest divendres dia 3 de mar\u00e7, a les 19:30h del vespre, espai musicat de pregaria i reflexi\u00f3 per comen\u00e7ar el nou temps de Quaresma. Al temple del carrer Colom 4, 1era Esgl\u00e9sia Protestant a Rub\u00ed. Esquinceu-vos el cor, i no els vestits. Convertiu-vos al Senyor, el vostre D\u00e9u, que \u00e9s compassiu i benigne, lent per &#8230; <span class=\"more\"><a class=\"more-link\" href=\"https:\/\/www.esglesiarubi.org\/esglesia\/2017\/03\/vespres-musicades-de-quaresma\/\">[Llegir m\u00e9s&#8230;]<\/a><\/span><\/p>\n","protected":false},"author":3,"featured_media":1332,"comment_status":"open","ping_status":"open","sticky":false,"template":"","format":"standard","meta":{"jetpack_post_was_ever_published":false,"_jetpack_newsletter_access":"","_jetpack_dont_email_post_to_subs":false,"_jetpack_newsletter_tier_id":0,"_jetpack_memberships_contains_paywalled_content":false,"_jetpack_memberships_contains_paid_content":false,"footnotes":"","jetpack_publicize_message":"","jetpack_publicize_feature_enabled":true,"jetpack_social_post_already_shared":true,"jetpack_social_options":{"image_generator_settings":{"template":"highway","enabled":false},"version":2}},"categories":[1],"tags":[],"class_list":{"0":"entry","1":"post","2":"publish","3":"author-pastorrubi","4":"post-1331","6":"format-standard","7":"has-post-thumbnail","8":"category-sin-categoria"},"jetpack_publicize_connections":[],"aioseo_notices":[],"jetpack_featured_media_url":"https:\/\/www.esglesiarubi.org\/esglesia\/wp-content\/uploads\/2017\/03\/quaresma-2017-web.jpg","jetpack_sharing_enabled":true,"jetpack_shortlink":"https:\/\/wp.me\/p8020h-lt","_links":{"self":[{"href":"https:\/\/www.esglesiarubi.org\/esglesia\/wp-json\/wp\/v2\/posts\/1331","targetHints":{"allow":["GET"]}}],"collection":[{"href":"https:\/\/www.esglesiarubi.org\/esglesia\/wp-json\/wp\/v2\/posts"}],"about":[{"href":"https:\/\/www.esglesiarubi.org\/esglesia\/wp-json\/wp\/v2\/types\/post"}],"author":[{"embeddable":true,"href":"https:\/\/www.esglesiarubi.org\/esglesia\/wp-json\/wp\/v2\/users\/3"}],"replies":[{"embeddable":true,"href":"https:\/\/www.esglesiarubi.org\/esglesia\/wp-json\/wp\/v2\/comments?post=1331"}],"version-history":[{"count":0,"href":"https:\/\/www.esglesiarubi.org\/esglesia\/wp-json\/wp\/v2\/posts\/1331\/revisions"}],"wp:featuredmedia":[{"embeddable":true,"href":"https:\/\/www.esglesiarubi.org\/esglesia\/wp-json\/wp\/v2\/media\/1332"}],"wp:attachment":[{"href":"https:\/\/www.esglesiarubi.org\/esglesia\/wp-json\/wp\/v2\/media?parent=1331"}],"wp:term":[{"taxonomy":"category","embeddable":true,"href":"https:\/\/www.esglesiarubi.org\/esglesia\/wp-json\/wp\/v2\/categories?post=1331"},{"taxonomy":"post_tag","embeddable":true,"href":"https:\/\/www.esglesiarubi.org\/esglesia\/wp-json\/wp\/v2\/tags?post=1331"}],"curies":[{"name":"wp","href":"https:\/\/api.w.org\/{rel}","templated":true}]}}