{"id":1246,"date":"2016-12-02T09:48:57","date_gmt":"2016-12-02T08:48:57","guid":{"rendered":"http:\/\/www.esglesiarubi.org\/esglesia\/?p=1246"},"modified":"2016-12-02T09:50:15","modified_gmt":"2016-12-02T08:50:15","slug":"nuestra-ofrenda-de-navidad-se-destinara-integramente-a-esta-causa","status":"publish","type":"post","link":"https:\/\/www.esglesiarubi.org\/esglesia\/2016\/12\/nuestra-ofrenda-de-navidad-se-destinara-integramente-a-esta-causa\/","title":{"rendered":"Nuestra ofrenda de Navidad se destinar\u00e1 \u00edntegramente a esta causa"},"content":{"rendered":"<p><img loading=\"lazy\" decoding=\"async\" class=\"alignleft size-full wp-image-1247\" src=\"http:\/\/www.esglesiarubi.org\/esglesia\/wp-content\/uploads\/2016\/12\/ofrenda-navidad-2016.jpg\" alt=\"ofrenda-navidad-2016\" width=\"2339\" height=\"3307\" srcset=\"https:\/\/www.esglesiarubi.org\/esglesia\/wp-content\/uploads\/2016\/12\/ofrenda-navidad-2016.jpg 2339w, https:\/\/www.esglesiarubi.org\/esglesia\/wp-content\/uploads\/2016\/12\/ofrenda-navidad-2016-212x300.jpg 212w, https:\/\/www.esglesiarubi.org\/esglesia\/wp-content\/uploads\/2016\/12\/ofrenda-navidad-2016-768x1086.jpg 768w, https:\/\/www.esglesiarubi.org\/esglesia\/wp-content\/uploads\/2016\/12\/ofrenda-navidad-2016-724x1024.jpg 724w\" sizes=\"auto, (max-width: 2339px) 100vw, 2339px\" \/><\/p>\n<p>El pasado 4 de octubre el Hurac\u00e1n Mateo a su paso por Hait\u00ed y Cuba dej\u00f3 miles de personas afectadas.\u00a0<strong><a href=\"http:\/\/actalliance.org\/wp-content\/uploads\/2016\/11\/Appeals_11_2016_Hurricane_Matthew_Response_in_Haiti_HTI_161.pdf\" target=\"_blank\">En Hait\u00ed<\/a><\/strong>, las cifras oficiales indican que m\u00e1s de 350.000 personas tienen necesidad inmediata y cr\u00edtica de asistencia, y m\u00e1s de 1,4 millones de personas necesitan ayuda humanitaria a corto y a medio plazo.<\/p>\n<p><strong><a href=\"http:\/\/actalliance.org\/wp-content\/uploads\/2016\/10\/Preliminary-Appeals_10_2016_Hurricane-Matthew-in-Cuba_CUB161.pdf\" target=\"_blank\">En Cuba<\/a><\/strong>, el paso del hurac\u00e1n perjudic\u00f3 total o parcialmente a m\u00e1s del 95% de las viviendas de los municipios afectados, principalmente con p\u00e9rdida de techos y estructuras de tejados; La seguridad alimentaria sufri\u00f3 importantes da\u00f1os debido a la destrucci\u00f3n de plantaciones de coco, pl\u00e1tano y cacao, que son las principales fuentes econ\u00f3micas de subsistencia en el \u00e1rea, de tal manera que la seguridad alimentaria se ver\u00e1 comprometida en el futuro inmediato.<\/p>\n<p>De ah\u00ed que la\u00a0<strong>Comisi\u00f3n Permanente de la Iglesia Evang\u00e9lica Espa\u00f1ola<\/strong>\u00a0decidiera que la ofrenda de Navidad de este a\u00f1o se destine \u00edntegramente a ayudar a paliar los da\u00f1os que ambos pa\u00edses sufrieron. El dinero recaudado se enviar\u00e1 a\u00a0<a href=\"http:\/\/actalliance.org\/es\/\" target=\"_blank\"><strong>ACT Alliance<\/strong>,<\/a>\u00a0la agencia con la que habitualmente colaboramos.<\/p>\n<p><strong>ACT Alliance<\/strong>\u00a0es una coalici\u00f3n de 143 iglesias y organizaciones afiliadas que trabajan juntas en m\u00e1s de 100 pa\u00edses para propiciar un cambio positivo y sostenible en la vida de las personas pobres y marginadas independientemente de su religi\u00f3n, creencias pol\u00edticas, g\u00e9nero, orientaci\u00f3n sexual, raza o nacionalidad, de conformidad con los c\u00f3digos y normas internacionales m\u00e1s exigentes.<\/p>\n<p>Se anima a las comunidades integrantes de la Iglesia Evang\u00e9lica Espa\u00f1ola a realizar dicha ofrenda durante el culto de Navidad. Por otro lado, animamos a nuestros amigos y amigas, si as\u00ed lo desean, a participar en la ayuda a Hait\u00ed y Cuba enviando su donativo a la cuenta que a continuaci\u00f3n publicamos, indicando en el ingreso o transferencia bancaria que es para \u201cOfrenda pro Hait\u00ed y Cuba\u201d.<\/p>\n<p><strong>Triodos ES14-0001-26-2125602124<\/strong><\/p>\n<p><strong><a href=\"http:\/\/www.iee-es.org\/blog\/wp-content\/uploads\/2016\/12\/ofrenda-navidad-2016.pdf\" target=\"_blank\">Descargar Cartel Ofrenda de Navidad 2016<\/a><\/strong><\/p>\n","protected":false},"excerpt":{"rendered":"<p>El pasado 4 de octubre el Hurac\u00e1n Mateo a su paso por Hait\u00ed y Cuba dej\u00f3 miles de personas afectadas.\u00a0En Hait\u00ed, las cifras oficiales indican que m\u00e1s de 350.000 personas tienen necesidad inmediata y cr\u00edtica de asistencia, y m\u00e1s de 1,4 millones de personas necesitan ayuda humanitaria a corto y a medio plazo. En Cuba, &#8230; <span class=\"more\"><a class=\"more-link\" href=\"https:\/\/www.esglesiarubi.org\/esglesia\/2016\/12\/nuestra-ofrenda-de-navidad-se-destinara-integramente-a-esta-causa\/\">[Llegir m\u00e9s&#8230;]<\/a><\/span><\/p>\n","protected":false},"author":3,"featured_media":1247,"comment_status":"open","ping_status":"open","sticky":false,"template":"","format":"standard","meta":{"jetpack_post_was_ever_published":false,"_jetpack_newsletter_access":"","_jetpack_dont_email_post_to_subs":true,"_jetpack_newsletter_tier_id":0,"_jetpack_memberships_contains_paywalled_content":false,"_jetpack_memberships_contains_paid_content":false,"footnotes":"","jetpack_publicize_message":"","jetpack_publicize_feature_enabled":true,"jetpack_social_post_already_shared":true,"jetpack_social_options":{"image_generator_settings":{"template":"highway","enabled":false},"version":2}},"categories":[3],"tags":[],"class_list":{"0":"entry","1":"post","2":"publish","3":"author-pastorrubi","4":"post-1246","6":"format-standard","7":"has-post-thumbnail","8":"category-noticias"},"jetpack_publicize_connections":[],"aioseo_notices":[],"jetpack_featured_media_url":"https:\/\/www.esglesiarubi.org\/esglesia\/wp-content\/uploads\/2016\/12\/ofrenda-navidad-2016.jpg","jetpack_sharing_enabled":true,"jetpack_shortlink":"https:\/\/wp.me\/p8020h-k6","_links":{"self":[{"href":"https:\/\/www.esglesiarubi.org\/esglesia\/wp-json\/wp\/v2\/posts\/1246","targetHints":{"allow":["GET"]}}],"collection":[{"href":"https:\/\/www.esglesiarubi.org\/esglesia\/wp-json\/wp\/v2\/posts"}],"about":[{"href":"https:\/\/www.esglesiarubi.org\/esglesia\/wp-json\/wp\/v2\/types\/post"}],"author":[{"embeddable":true,"href":"https:\/\/www.esglesiarubi.org\/esglesia\/wp-json\/wp\/v2\/users\/3"}],"replies":[{"embeddable":true,"href":"https:\/\/www.esglesiarubi.org\/esglesia\/wp-json\/wp\/v2\/comments?post=1246"}],"version-history":[{"count":0,"href":"https:\/\/www.esglesiarubi.org\/esglesia\/wp-json\/wp\/v2\/posts\/1246\/revisions"}],"wp:featuredmedia":[{"embeddable":true,"href":"https:\/\/www.esglesiarubi.org\/esglesia\/wp-json\/wp\/v2\/media\/1247"}],"wp:attachment":[{"href":"https:\/\/www.esglesiarubi.org\/esglesia\/wp-json\/wp\/v2\/media?parent=1246"}],"wp:term":[{"taxonomy":"category","embeddable":true,"href":"https:\/\/www.esglesiarubi.org\/esglesia\/wp-json\/wp\/v2\/categories?post=1246"},{"taxonomy":"post_tag","embeddable":true,"href":"https:\/\/www.esglesiarubi.org\/esglesia\/wp-json\/wp\/v2\/tags?post=1246"}],"curies":[{"name":"wp","href":"https:\/\/api.w.org\/{rel}","templated":true}]}}