{"id":1243,"date":"2016-12-02T08:43:38","date_gmt":"2016-12-02T07:43:38","guid":{"rendered":"http:\/\/www.esglesiarubi.org\/esglesia\/?p=1243"},"modified":"2016-12-02T08:43:38","modified_gmt":"2016-12-02T07:43:38","slug":"reflexion-de-adviento","status":"publish","type":"post","link":"https:\/\/www.esglesiarubi.org\/esglesia\/2016\/12\/reflexion-de-adviento\/","title":{"rendered":"Reflexi\u00f3n de Adviento"},"content":{"rendered":"<blockquote><p>En aquellos d\u00edas se present\u00f3 Juan el Bautista predicando en el desierto de Judea\u00a0y dec\u00eda: \u00abArrepent\u00edos, porque el reino de los cielos est\u00e1 cerca.\u00bb Juan era aquel de quien hab\u00eda escrito el profeta Isa\u00edas:<\/p>\n<p>\u00abVoz de uno que grita en el desierto:\u2028\u201cPreparad el camino para el Se\u00f1or,\u2028haced derechas sus sendas.\u201d<br \/>\nYo os bautizo con agua para arrepentimiento. Pero el que viene despu\u00e9s de m\u00ed es m\u00e1s poderoso que yo, y ni siquiera merezco llevarle las sandalias. \u00c9l os bautizar\u00e1 con el Esp\u00edritu Santo y con fuego. Tiene el rastrillo en la mano y limpiar\u00e1 su era, recogiendo el trigo en su granero; la paja, en cambio, la quemar\u00e1 con fuego que nunca se apagar\u00e1.\u00bb<\/p><\/blockquote>\n<p style=\"text-align: right;\">Mat 3:1-3, 11-12<\/p>\n<p>&nbsp;<\/p>\n<p><img loading=\"lazy\" decoding=\"async\" class=\"alignleft size-full wp-image-1244\" src=\"http:\/\/www.esglesiarubi.org\/esglesia\/wp-content\/uploads\/2016\/12\/pisadas.jpg\" alt=\"Footsteps\" width=\"640\" height=\"966\" srcset=\"https:\/\/www.esglesiarubi.org\/esglesia\/wp-content\/uploads\/2016\/12\/pisadas.jpg 640w, https:\/\/www.esglesiarubi.org\/esglesia\/wp-content\/uploads\/2016\/12\/pisadas-199x300.jpg 199w\" sizes=\"auto, (max-width: 640px) 100vw, 640px\" \/><\/p>\n<p>Escucha las pisadas; escucha, alguien viene, escucha las pisadas.<\/p>\n<p>Silencio, espera, parece que dice algo, \u00bfuna buena noticia?<\/p>\n<p>Calla! S\u00f3lo un momento; parece que trae un anuncio de paz.<br \/>\nNo oigo, \u00bfqu\u00e9 dice? dice algo de un gozo, una alegr\u00eda, no s\u00e9 qu\u00e9 de la salvaci\u00f3n\u2026<br \/>\nMira, no me estoy enterando de nada con tanto ruido\u2026<br \/>\n\u00bfQui\u00e9n grita? \u00bfPor qu\u00e9 no calla?<br \/>\n\u00a1\u00bfEs que no o\u00eds las pisadas? No os d\u00e1is cuenta de que alguien viene?!<\/p>\n<p>\u2014 Grita el pueblo que sufre, clama el pueblo que espera,\u2028 \u00bfes que no te das cuenta?<\/p>\n<p>\u2014 \u00bfEntonces qu\u00e9 haremos? \u00bfc\u00f3mo escuchar\u00e1n si no dejan de clamar los que sufren?<br \/>\n\u2014 S\u00fabete a un alto monte, portador de buenas nuevas; levanta con fuerza tu voz, lev\u00e1nta, no temas. Y di:<\/p>\n<blockquote><p>Aqu\u00ed est\u00e1 vuestro Dios.<br \/>\nNo llorar\u00e1s m\u00e1s. Ciertamente se apiadar\u00e1 de ti a la voz de tu clamor;<br \/>\ncuando la oiga, \u00c9l te responder\u00e1.<\/p><\/blockquote>\n<p>Escucha las pisadas; escucha, alguien viene, escucha las pisadas.<\/p>\n<p>\u00a1Qu\u00e9 hermosos son sobre los montes los pies del que trae buenas nuevas!<\/p>\n<p style=\"text-align: right;\">Pastor Jonathan Navarro<\/p>\n","protected":false},"excerpt":{"rendered":"<p>En aquellos d\u00edas se present\u00f3 Juan el Bautista predicando en el desierto de Judea\u00a0y dec\u00eda: \u00abArrepent\u00edos, porque el reino de los cielos est\u00e1 cerca.\u00bb Juan era aquel de quien hab\u00eda escrito el profeta Isa\u00edas: \u00abVoz de uno que grita en el desierto:\u2028\u201cPreparad el camino para el Se\u00f1or,\u2028haced derechas sus sendas.\u201d Yo os bautizo con agua &#8230; <span class=\"more\"><a class=\"more-link\" href=\"https:\/\/www.esglesiarubi.org\/esglesia\/2016\/12\/reflexion-de-adviento\/\">[Llegir m\u00e9s&#8230;]<\/a><\/span><\/p>\n","protected":false},"author":3,"featured_media":1244,"comment_status":"open","ping_status":"open","sticky":false,"template":"","format":"standard","meta":{"jetpack_post_was_ever_published":false,"_jetpack_newsletter_access":"","_jetpack_dont_email_post_to_subs":false,"_jetpack_newsletter_tier_id":0,"_jetpack_memberships_contains_paywalled_content":false,"_jetpack_memberships_contains_paid_content":false,"footnotes":"","jetpack_publicize_message":"","jetpack_publicize_feature_enabled":true,"jetpack_social_post_already_shared":true,"jetpack_social_options":{"image_generator_settings":{"template":"highway","enabled":false},"version":2}},"categories":[8],"tags":[85],"class_list":{"0":"entry","1":"post","2":"publish","3":"author-pastorrubi","4":"post-1243","6":"format-standard","7":"has-post-thumbnail","8":"category-reflexions","9":"post_tag-advent"},"jetpack_publicize_connections":[],"aioseo_notices":[],"jetpack_featured_media_url":"https:\/\/www.esglesiarubi.org\/esglesia\/wp-content\/uploads\/2016\/12\/pisadas.jpg","jetpack_sharing_enabled":true,"jetpack_shortlink":"https:\/\/wp.me\/p8020h-k3","_links":{"self":[{"href":"https:\/\/www.esglesiarubi.org\/esglesia\/wp-json\/wp\/v2\/posts\/1243","targetHints":{"allow":["GET"]}}],"collection":[{"href":"https:\/\/www.esglesiarubi.org\/esglesia\/wp-json\/wp\/v2\/posts"}],"about":[{"href":"https:\/\/www.esglesiarubi.org\/esglesia\/wp-json\/wp\/v2\/types\/post"}],"author":[{"embeddable":true,"href":"https:\/\/www.esglesiarubi.org\/esglesia\/wp-json\/wp\/v2\/users\/3"}],"replies":[{"embeddable":true,"href":"https:\/\/www.esglesiarubi.org\/esglesia\/wp-json\/wp\/v2\/comments?post=1243"}],"version-history":[{"count":0,"href":"https:\/\/www.esglesiarubi.org\/esglesia\/wp-json\/wp\/v2\/posts\/1243\/revisions"}],"wp:featuredmedia":[{"embeddable":true,"href":"https:\/\/www.esglesiarubi.org\/esglesia\/wp-json\/wp\/v2\/media\/1244"}],"wp:attachment":[{"href":"https:\/\/www.esglesiarubi.org\/esglesia\/wp-json\/wp\/v2\/media?parent=1243"}],"wp:term":[{"taxonomy":"category","embeddable":true,"href":"https:\/\/www.esglesiarubi.org\/esglesia\/wp-json\/wp\/v2\/categories?post=1243"},{"taxonomy":"post_tag","embeddable":true,"href":"https:\/\/www.esglesiarubi.org\/esglesia\/wp-json\/wp\/v2\/tags?post=1243"}],"curies":[{"name":"wp","href":"https:\/\/api.w.org\/{rel}","templated":true}]}}